{"id":29016,"date":"2024-10-02T00:51:01","date_gmt":"2024-10-01T22:51:01","guid":{"rendered":"https:\/\/www.musikverein-plankstadt.de\/wordpress\/?p=29016"},"modified":"2024-10-02T00:51:53","modified_gmt":"2024-10-01T22:51:53","slug":"orchester23-beim-bazar-der-ev-kirche-plankstadt-29-09-2024","status":"publish","type":"post","link":"https:\/\/www.musikverein-plankstadt.de\/wordpress\/orchester23-beim-bazar-der-ev-kirche-plankstadt-29-09-2024\/","title":{"rendered":"Orchester23: Auftritt beim Bazar der ev. Kirche Plankstadt, 29.09.2024"},"content":{"rendered":"\n<p>Allj\u00e4hrlicher Bazar in der ev. Kirche in Plankstadt. Ein buntes Rahmenprogramm \u00fcber zwei Tage bot der Bazar am letzten Septemberwochenende. <\/p>\n\n\n\n<p>F\u00fcr jedes Alter wurde etwas geboten, und so durfte auch die musikalische Unterhaltung zur besten Sonntagszeit im ev. Gemeindehaus nicht fehlen. Zum wiederholten Mal wurde das Orchester23 eingeladen, um die Besucher und G\u00e4ste w\u00e4hrend der Mittagszeit musikalisch zu verw\u00f6hnen. <\/p>\n\n\n\n<p>In sehr guter Besetzung konnte das Orchester23 den Gemeindesaal mit aktuellen Liedern aus seinem Repertoire begeistern und das Publikum mitrei\u00dfen. \u00dcber fast 2 Stunden wurden Lieder und Songs aus den verschiedensten Genres gespielt. F\u00fcr jeden war etwas dabei! So war es nicht verwunderlich, dass am Ende des Auftrittes noch nach einigen Zugaben gerufen wurde. <\/p>\n\n\n\n<p>Gern erf\u00fcllte das Orchester23 diese W\u00fcnsche und freut sich auf die n\u00e4chste Einladung f\u00fcr das kommende Jahr!<\/p>\n\n\n\n<div class=\"wp-block-jetpack-tiled-gallery aligncenter is-style-rectangular\"><div class=\"\"><div class=\"tiled-gallery__gallery\"><div class=\"tiled-gallery__row\"><div class=\"tiled-gallery__col\" style=\"flex-basis:66.84734%\"><figure class=\"tiled-gallery__item\"><img decoding=\"async\" alt=\"\" data-height=\"960\" data-id=\"29018\" data-link=\"https:\/\/www.musikverein-plankstadt.de\/wordpress\/?attachment_id=29018\" data-url=\"https:\/\/www.musikverein-plankstadt.de\/wordpress\/wp-content\/uploads\/2024\/10\/O23_20240929_132216_1280x960-1024x768.jpg\" data-width=\"1280\" src=\"https:\/\/i2.wp.com\/www.musikverein-plankstadt.de\/wordpress\/wp-content\/uploads\/2024\/10\/O23_20240929_132216_1280x960-1024x768.jpg?ssl=1\" data-amp-layout=\"responsive\" tabindex=\"0\" role=\"button\" aria-label=\"Bild\u00a01 von 3 im Vollbildmodus \u00f6ffnen\"\/><\/figure><\/div><div class=\"tiled-gallery__col\" style=\"flex-basis:33.15266%\"><figure class=\"tiled-gallery__item\"><img decoding=\"async\" alt=\"\" data-height=\"960\" data-id=\"29019\" data-link=\"https:\/\/www.musikverein-plankstadt.de\/wordpress\/?attachment_id=29019\" data-url=\"https:\/\/www.musikverein-plankstadt.de\/wordpress\/wp-content\/uploads\/2024\/10\/O23_20240929_134531_1280x960-1024x768.jpg\" data-width=\"1280\" src=\"https:\/\/i1.wp.com\/www.musikverein-plankstadt.de\/wordpress\/wp-content\/uploads\/2024\/10\/O23_20240929_134531_1280x960-1024x768.jpg?ssl=1\" data-amp-layout=\"responsive\" tabindex=\"0\" role=\"button\" aria-label=\"Bild\u00a02 von 3 im Vollbildmodus \u00f6ffnen\"\/><\/figure><figure class=\"tiled-gallery__item\"><img decoding=\"async\" alt=\"\" data-height=\"960\" data-id=\"29020\" data-link=\"https:\/\/www.musikverein-plankstadt.de\/wordpress\/?attachment_id=29020\" data-url=\"https:\/\/www.musikverein-plankstadt.de\/wordpress\/wp-content\/uploads\/2024\/10\/O23_20240929_134616_1280x960-1024x768.jpg\" data-width=\"1280\" src=\"https:\/\/i0.wp.com\/www.musikverein-plankstadt.de\/wordpress\/wp-content\/uploads\/2024\/10\/O23_20240929_134616_1280x960-1024x768.jpg?ssl=1\" data-amp-layout=\"responsive\" tabindex=\"0\" role=\"button\" aria-label=\"Bild\u00a03 von 3 im Vollbildmodus \u00f6ffnen\"\/><\/figure><\/div><\/div><\/div><\/div><\/div>\n","protected":false},"excerpt":{"rendered":"<p>Allj\u00e4hrlicher Bazar in der ev. Kirche in Plankstadt. Ein buntes Rahmenprogramm \u00fcber zwei Tage bot der Bazar am letzten Septemberwochenende. F\u00fcr jedes Alter wurde etwas geboten, und so durfte auch die musikalische Unterhaltung zur besten Sonntagszeit im ev. Gemeindehaus nicht fehlen. Zum wiederholten Mal wurde das Orchester23 eingeladen, um die Besucher und G\u00e4ste w\u00e4hrend der [&hellip;]<\/p>\n","protected":false},"author":9,"featured_media":0,"comment_status":"closed","ping_status":"closed","sticky":false,"template":"","format":"standard","meta":{"footnotes":""},"categories":[1,66],"tags":[],"class_list":["post-29016","post","type-post","status-publish","format-standard","hentry","category-allgemein","category-orchester23"],"blocksy_meta":[],"_links":{"self":[{"href":"https:\/\/www.musikverein-plankstadt.de\/wordpress\/wp-json\/wp\/v2\/posts\/29016","targetHints":{"allow":["GET"]}}],"collection":[{"href":"https:\/\/www.musikverein-plankstadt.de\/wordpress\/wp-json\/wp\/v2\/posts"}],"about":[{"href":"https:\/\/www.musikverein-plankstadt.de\/wordpress\/wp-json\/wp\/v2\/types\/post"}],"author":[{"embeddable":true,"href":"https:\/\/www.musikverein-plankstadt.de\/wordpress\/wp-json\/wp\/v2\/users\/9"}],"replies":[{"embeddable":true,"href":"https:\/\/www.musikverein-plankstadt.de\/wordpress\/wp-json\/wp\/v2\/comments?post=29016"}],"version-history":[{"count":3,"href":"https:\/\/www.musikverein-plankstadt.de\/wordpress\/wp-json\/wp\/v2\/posts\/29016\/revisions"}],"predecessor-version":[{"id":29022,"href":"https:\/\/www.musikverein-plankstadt.de\/wordpress\/wp-json\/wp\/v2\/posts\/29016\/revisions\/29022"}],"wp:attachment":[{"href":"https:\/\/www.musikverein-plankstadt.de\/wordpress\/wp-json\/wp\/v2\/media?parent=29016"}],"wp:term":[{"taxonomy":"category","embeddable":true,"href":"https:\/\/www.musikverein-plankstadt.de\/wordpress\/wp-json\/wp\/v2\/categories?post=29016"},{"taxonomy":"post_tag","embeddable":true,"href":"https:\/\/www.musikverein-plankstadt.de\/wordpress\/wp-json\/wp\/v2\/tags?post=29016"}],"curies":[{"name":"wp","href":"https:\/\/api.w.org\/{rel}","templated":true}]}}