{"id":29056,"date":"2024-12-06T19:35:00","date_gmt":"2024-12-06T17:35:00","guid":{"rendered":"https:\/\/www.musikverein-plankstadt.de\/wordpress\/?p=29056"},"modified":"2024-12-11T00:51:03","modified_gmt":"2024-12-10T22:51:03","slug":"adventsfeier-in-der-seniorenanlage-plankstadt-05-12-2024","status":"publish","type":"post","link":"https:\/\/www.musikverein-plankstadt.de\/wordpress\/adventsfeier-in-der-seniorenanlage-plankstadt-05-12-2024\/","title":{"rendered":"Adventsfeier in der Seniorenanlage Plankstadt, 05.12.2024"},"content":{"rendered":"\n<p>Der 05.12.2024 war schon ein lang notierter Termin f\u00fcr die Bewohner der Seniorenanlage in Plankstadt.<\/p>\n\n\n\n<p>So war es nicht verwunderlich, dass der Raum an diesem Tag gut gef\u00fcllt war, als die Abordnung des Musikvereins im Aufenthaltsraum erschien. Bei sch\u00f6nen Gespr\u00e4chen und der ersten Tasse Kaffee hatten sich schon viele Anwesenden \u00fcber das kommende Fest austauschen k\u00f6nnen. \u00a0Ehreng\u00e4ste wie B\u00fcrgermeister Herr Drescher und Frau Trautwein, Leiterin des Caritas-Altenheims, waren ebenfalls anwesend. <\/p>\n\n\n\n<p>Die Adventsmusikanten, Musiker des Orchester23, spielten dann viele Weihnachtslieder, die einmal mehr die weihnachtliche Stimmung untermalten. Dank der im Vorfeld verteilten Liedbl\u00e4tter, war es m\u00f6glich, dass mitgesungen werden konnte. So war es f\u00fcr viele Bewohner nicht nur ein Zuh\u00f6ren, sondern ein aktives \u00a0Mitmachen. Her Kobelke zeigt sich beeindruckt von dem Mitwirken der vielen Bewohner und sagte, das wir solche einen Nachmittag gerne auch im Fr\u00fchjahr wiederholen sollten.<\/p>\n\n\n\n<p>Ein sehr gelungener Nachmittag f\u00fcr alle Beteiligten.<\/p>\n\n\n\n<figure class=\"wp-block-image aligncenter size-large\"><img loading=\"lazy\" decoding=\"async\" width=\"981\" height=\"1024\" src=\"https:\/\/www.musikverein-plankstadt.de\/wordpress\/wp-content\/uploads\/2024\/12\/Orchester23_Seniorenanlage_Plankstadt_05122024-981x1024.jpg\" alt=\"\" class=\"wp-image-29057\" srcset=\"https:\/\/www.musikverein-plankstadt.de\/wordpress\/wp-content\/uploads\/2024\/12\/Orchester23_Seniorenanlage_Plankstadt_05122024-981x1024.jpg 981w, https:\/\/www.musikverein-plankstadt.de\/wordpress\/wp-content\/uploads\/2024\/12\/Orchester23_Seniorenanlage_Plankstadt_05122024-288x300.jpg 288w, https:\/\/www.musikverein-plankstadt.de\/wordpress\/wp-content\/uploads\/2024\/12\/Orchester23_Seniorenanlage_Plankstadt_05122024-768x801.jpg 768w, https:\/\/www.musikverein-plankstadt.de\/wordpress\/wp-content\/uploads\/2024\/12\/Orchester23_Seniorenanlage_Plankstadt_05122024.jpg 1035w\" sizes=\"auto, (max-width: 981px) 100vw, 981px\" \/><\/figure>\n","protected":false},"excerpt":{"rendered":"<p>Der 05.12.2024 war schon ein lang notierter Termin f\u00fcr die Bewohner der Seniorenanlage in Plankstadt. So war es nicht verwunderlich, dass der Raum an diesem Tag gut gef\u00fcllt war, als die Abordnung des Musikvereins im Aufenthaltsraum erschien. Bei sch\u00f6nen Gespr\u00e4chen und der ersten Tasse Kaffee hatten sich schon viele Anwesenden \u00fcber das kommende Fest austauschen [&hellip;]<\/p>\n","protected":false},"author":9,"featured_media":0,"comment_status":"closed","ping_status":"closed","sticky":false,"template":"","format":"standard","meta":{"footnotes":""},"categories":[1,66],"tags":[],"class_list":["post-29056","post","type-post","status-publish","format-standard","hentry","category-allgemein","category-orchester23"],"blocksy_meta":[],"_links":{"self":[{"href":"https:\/\/www.musikverein-plankstadt.de\/wordpress\/wp-json\/wp\/v2\/posts\/29056","targetHints":{"allow":["GET"]}}],"collection":[{"href":"https:\/\/www.musikverein-plankstadt.de\/wordpress\/wp-json\/wp\/v2\/posts"}],"about":[{"href":"https:\/\/www.musikverein-plankstadt.de\/wordpress\/wp-json\/wp\/v2\/types\/post"}],"author":[{"embeddable":true,"href":"https:\/\/www.musikverein-plankstadt.de\/wordpress\/wp-json\/wp\/v2\/users\/9"}],"replies":[{"embeddable":true,"href":"https:\/\/www.musikverein-plankstadt.de\/wordpress\/wp-json\/wp\/v2\/comments?post=29056"}],"version-history":[{"count":1,"href":"https:\/\/www.musikverein-plankstadt.de\/wordpress\/wp-json\/wp\/v2\/posts\/29056\/revisions"}],"predecessor-version":[{"id":29058,"href":"https:\/\/www.musikverein-plankstadt.de\/wordpress\/wp-json\/wp\/v2\/posts\/29056\/revisions\/29058"}],"wp:attachment":[{"href":"https:\/\/www.musikverein-plankstadt.de\/wordpress\/wp-json\/wp\/v2\/media?parent=29056"}],"wp:term":[{"taxonomy":"category","embeddable":true,"href":"https:\/\/www.musikverein-plankstadt.de\/wordpress\/wp-json\/wp\/v2\/categories?post=29056"},{"taxonomy":"post_tag","embeddable":true,"href":"https:\/\/www.musikverein-plankstadt.de\/wordpress\/wp-json\/wp\/v2\/tags?post=29056"}],"curies":[{"name":"wp","href":"https:\/\/api.w.org\/{rel}","templated":true}]}}