{"id":29151,"date":"2025-02-10T01:57:42","date_gmt":"2025-02-09T23:57:42","guid":{"rendered":"https:\/\/www.musikverein-plankstadt.de\/wordpress\/?p=29151"},"modified":"2025-02-10T01:59:48","modified_gmt":"2025-02-09T23:59:48","slug":"musikverein-plankstadt-ehrt-langjaehrige-mitglieder-02-02-2025","status":"publish","type":"post","link":"https:\/\/www.musikverein-plankstadt.de\/wordpress\/musikverein-plankstadt-ehrt-langjaehrige-mitglieder-02-02-2025\/","title":{"rendered":"Musikverein Plankstadt ehrt langj\u00e4hrige Mitglieder &#8211; 02.02.2025"},"content":{"rendered":"\n<p>&nbsp;Am 2. Februar 2025 lud der Musikverein Plankstadt zur Ehrungsmatinee ins evangelische Gemeindehaus ein, das bis auf den letzten Platz gef\u00fcllt war. In feierlichem Rahmen wurden langj\u00e4hrige Mitglieder f\u00fcr ihre Treue ausgezeichnet.<\/p>\n\n\n\n<p>F\u00fcr zehn Jahre Mitgliedschaft wurden Manfred Kester, Silke Kester, Leonie Kester, Lennart Kester, Patrick Wewel, Lotta Derbinski, Norbert Klebert und Doris B\u00e4hr-Klebert geehrt. J\u00fcrgen Schaffert, Melanie Bummel und Holger Gei\u00df erhielten eine Auszeichnung f\u00fcr 20 Jahre Vereinszugeh\u00f6rigkeit. Seit 30 Jahren sind Heinz Richter und Lore D\u00f6rfert Teil des Vereins. Marcel Gund wurde f\u00fcr 40 Jahre Mitgliedschaft gew\u00fcrdigt. Eine besondere Ehrung erhielt Reinhold Gund f\u00fcr beeindruckende 70 Jahre Treue zum Musikverein.<\/p>\n\n\n\n<p>Musikalisch wurde die Veranstaltung von verschiedenen Gruppen des Vereins gestaltet. Den Auftakt machte die Fl\u00f6tengruppe, gefolgt vom Orchester23. Den Abschluss bildete die Bigband \u2013 jedoch vor leider deutlich reduziertem Publikum, da viele G\u00e4ste bereits nach Hause gegangen waren.<\/p>\n\n\n\n<p>Trotzdem war die Ehrungsmatinee eine rundum gelungene Veranstaltung, die das Engagement der Mitglieder w\u00fcrdigte und den musikalischen Zusammenhalt des Vereins unterstrich.<\/p>\n\n\n\n<div class=\"wp-block-jetpack-tiled-gallery aligncenter is-style-rectangular\"><div class=\"\"><div class=\"tiled-gallery__gallery\"><div class=\"tiled-gallery__row\"><div class=\"tiled-gallery__col\" style=\"flex-basis:100.00000%\"><figure class=\"tiled-gallery__item\"><img decoding=\"async\" alt=\"\" data-height=\"574\" data-id=\"29156\" data-link=\"https:\/\/www.musikverein-plankstadt.de\/wordpress\/musikverein-plankstadt-ehrt-langjaehrige-mitglieder-02-02-2025\/ehrungsmatinee-2\/\" data-url=\"https:\/\/www.musikverein-plankstadt.de\/wordpress\/wp-content\/uploads\/2025\/02\/ehrungsmatinee-1-1024x461.jpg\" data-width=\"1274\" src=\"https:\/\/i0.wp.com\/www.musikverein-plankstadt.de\/wordpress\/wp-content\/uploads\/2025\/02\/ehrungsmatinee-1-1024x461.jpg?ssl=1\" data-amp-layout=\"responsive\" tabindex=\"0\" role=\"button\" aria-label=\"Bild\u00a01 von 1 im Vollbildmodus \u00f6ffnen\"\/><\/figure><\/div><\/div><\/div><\/div><\/div>\n","protected":false},"excerpt":{"rendered":"<p>&nbsp;Am 2. Februar 2025 lud der Musikverein Plankstadt zur Ehrungsmatinee ins evangelische Gemeindehaus ein, das bis auf den letzten Platz gef\u00fcllt war. In feierlichem Rahmen wurden langj\u00e4hrige Mitglieder f\u00fcr ihre Treue ausgezeichnet. F\u00fcr zehn Jahre Mitgliedschaft wurden Manfred Kester, Silke Kester, Leonie Kester, Lennart Kester, Patrick Wewel, Lotta Derbinski, Norbert Klebert und Doris B\u00e4hr-Klebert geehrt. [&hellip;]<\/p>\n","protected":false},"author":9,"featured_media":0,"comment_status":"closed","ping_status":"closed","sticky":false,"template":"","format":"standard","meta":{"footnotes":""},"categories":[1,9,66],"tags":[],"class_list":["post-29151","post","type-post","status-publish","format-standard","hentry","category-allgemein","category-bigband","category-orchester23"],"blocksy_meta":[],"_links":{"self":[{"href":"https:\/\/www.musikverein-plankstadt.de\/wordpress\/wp-json\/wp\/v2\/posts\/29151","targetHints":{"allow":["GET"]}}],"collection":[{"href":"https:\/\/www.musikverein-plankstadt.de\/wordpress\/wp-json\/wp\/v2\/posts"}],"about":[{"href":"https:\/\/www.musikverein-plankstadt.de\/wordpress\/wp-json\/wp\/v2\/types\/post"}],"author":[{"embeddable":true,"href":"https:\/\/www.musikverein-plankstadt.de\/wordpress\/wp-json\/wp\/v2\/users\/9"}],"replies":[{"embeddable":true,"href":"https:\/\/www.musikverein-plankstadt.de\/wordpress\/wp-json\/wp\/v2\/comments?post=29151"}],"version-history":[{"count":4,"href":"https:\/\/www.musikverein-plankstadt.de\/wordpress\/wp-json\/wp\/v2\/posts\/29151\/revisions"}],"predecessor-version":[{"id":29157,"href":"https:\/\/www.musikverein-plankstadt.de\/wordpress\/wp-json\/wp\/v2\/posts\/29151\/revisions\/29157"}],"wp:attachment":[{"href":"https:\/\/www.musikverein-plankstadt.de\/wordpress\/wp-json\/wp\/v2\/media?parent=29151"}],"wp:term":[{"taxonomy":"category","embeddable":true,"href":"https:\/\/www.musikverein-plankstadt.de\/wordpress\/wp-json\/wp\/v2\/categories?post=29151"},{"taxonomy":"post_tag","embeddable":true,"href":"https:\/\/www.musikverein-plankstadt.de\/wordpress\/wp-json\/wp\/v2\/tags?post=29151"}],"curies":[{"name":"wp","href":"https:\/\/api.w.org\/{rel}","templated":true}]}}