{"id":29159,"date":"2025-02-18T00:06:12","date_gmt":"2025-02-17T22:06:12","guid":{"rendered":"https:\/\/www.musikverein-plankstadt.de\/wordpress\/?p=29159"},"modified":"2025-02-18T00:06:12","modified_gmt":"2025-02-17T22:06:12","slug":"orchester23-begeistert-mit-neuem-outfit-im-evangelischen-gemeindesaal","status":"publish","type":"post","link":"https:\/\/www.musikverein-plankstadt.de\/wordpress\/orchester23-begeistert-mit-neuem-outfit-im-evangelischen-gemeindesaal\/","title":{"rendered":"Orchester23 begeistert mit neuem Outfit im evangelischen Gemeindesaal"},"content":{"rendered":"\n<p>Es fand im evangelischen Gemeindesaal die feierliche Ehrungsmatinee des Musikvereins Plankstadt statt. Im Rahmen der Veranstaltung sorgte unter anderem das <strong>Orchester23<\/strong> mit einem abwechslungsreichen Musikprogramm f\u00fcr die musikalische Umrahmung. <\/p>\n\n\n\n<p>Unter der Leitung von <strong>Dirigent Julian C. Seiler<\/strong> pr\u00e4sentierte das Orchester St\u00fccke wie <strong>\u201eFreude sch\u00f6ner G\u00f6tterfunken\u201c<\/strong>, <strong>\u201eMister Sandman\u201c<\/strong>, <strong>\u201eBanana Boat Song\u201c<\/strong>, <strong>\u201eMackie Messer\u201c<\/strong>, <strong>\u201e500 Miles\u201c<\/strong> und <strong>\u201eOh When The Saints\u201c<\/strong>.<\/p>\n\n\n\n<p>Besonders ins Auge fielen die neuen Hemden des Orchesters, in denen sich die Musikerinnen und Musiker erstmals pr\u00e4sentierten.<\/p>\n\n\n\n<div class=\"wp-block-jetpack-tiled-gallery aligncenter is-style-rectangular\"><div class=\"\"><div class=\"tiled-gallery__gallery\"><div class=\"tiled-gallery__row\"><div class=\"tiled-gallery__col\" style=\"flex-basis:100.00000%\"><figure class=\"tiled-gallery__item\"><img decoding=\"async\" alt=\"\" data-height=\"911\" data-id=\"29160\" data-link=\"https:\/\/www.musikverein-plankstadt.de\/wordpress\/?attachment_id=29160\" data-url=\"https:\/\/www.musikverein-plankstadt.de\/wordpress\/wp-content\/uploads\/2025\/02\/ehrungsmatineeorchester23-1024x583.jpg\" data-width=\"1599\" src=\"https:\/\/i0.wp.com\/www.musikverein-plankstadt.de\/wordpress\/wp-content\/uploads\/2025\/02\/ehrungsmatineeorchester23-1024x583.jpg?ssl=1\" data-amp-layout=\"responsive\" tabindex=\"0\" role=\"button\" aria-label=\"Bild\u00a01 von 1 im Vollbildmodus \u00f6ffnen\"\/><\/figure><\/div><\/div><\/div><\/div><\/div>\n","protected":false},"excerpt":{"rendered":"<p>Es fand im evangelischen Gemeindesaal die feierliche Ehrungsmatinee des Musikvereins Plankstadt statt. Im Rahmen der Veranstaltung sorgte unter anderem das Orchester23 mit einem abwechslungsreichen Musikprogramm f\u00fcr die musikalische Umrahmung. Unter der Leitung von Dirigent Julian C. Seiler pr\u00e4sentierte das Orchester St\u00fccke wie \u201eFreude sch\u00f6ner G\u00f6tterfunken\u201c, \u201eMister Sandman\u201c, \u201eBanana Boat Song\u201c, \u201eMackie Messer\u201c, \u201e500 Miles\u201c und [&hellip;]<\/p>\n","protected":false},"author":9,"featured_media":0,"comment_status":"closed","ping_status":"closed","sticky":false,"template":"","format":"standard","meta":{"footnotes":""},"categories":[13,1,66],"tags":[],"class_list":["post-29159","post","type-post","status-publish","format-standard","hentry","category-aktuelles","category-allgemein","category-orchester23"],"blocksy_meta":[],"_links":{"self":[{"href":"https:\/\/www.musikverein-plankstadt.de\/wordpress\/wp-json\/wp\/v2\/posts\/29159","targetHints":{"allow":["GET"]}}],"collection":[{"href":"https:\/\/www.musikverein-plankstadt.de\/wordpress\/wp-json\/wp\/v2\/posts"}],"about":[{"href":"https:\/\/www.musikverein-plankstadt.de\/wordpress\/wp-json\/wp\/v2\/types\/post"}],"author":[{"embeddable":true,"href":"https:\/\/www.musikverein-plankstadt.de\/wordpress\/wp-json\/wp\/v2\/users\/9"}],"replies":[{"embeddable":true,"href":"https:\/\/www.musikverein-plankstadt.de\/wordpress\/wp-json\/wp\/v2\/comments?post=29159"}],"version-history":[{"count":1,"href":"https:\/\/www.musikverein-plankstadt.de\/wordpress\/wp-json\/wp\/v2\/posts\/29159\/revisions"}],"predecessor-version":[{"id":29161,"href":"https:\/\/www.musikverein-plankstadt.de\/wordpress\/wp-json\/wp\/v2\/posts\/29159\/revisions\/29161"}],"wp:attachment":[{"href":"https:\/\/www.musikverein-plankstadt.de\/wordpress\/wp-json\/wp\/v2\/media?parent=29159"}],"wp:term":[{"taxonomy":"category","embeddable":true,"href":"https:\/\/www.musikverein-plankstadt.de\/wordpress\/wp-json\/wp\/v2\/categories?post=29159"},{"taxonomy":"post_tag","embeddable":true,"href":"https:\/\/www.musikverein-plankstadt.de\/wordpress\/wp-json\/wp\/v2\/tags?post=29159"}],"curies":[{"name":"wp","href":"https:\/\/api.w.org\/{rel}","templated":true}]}}