{"id":29200,"date":"2025-07-20T17:49:49","date_gmt":"2025-07-20T15:49:49","guid":{"rendered":"https:\/\/www.musikverein-plankstadt.de\/wordpress\/?p=29200"},"modified":"2025-07-20T17:51:25","modified_gmt":"2025-07-20T15:51:25","slug":"orchester23-begeistert-beim-tag-der-offenen-tuer-des-heimat-und-kulturvereins","status":"publish","type":"post","link":"https:\/\/www.musikverein-plankstadt.de\/wordpress\/orchester23-begeistert-beim-tag-der-offenen-tuer-des-heimat-und-kulturvereins\/","title":{"rendered":"Orchester23 begeistert beim Tag der offenen T\u00fcr des Heimat- und Kulturvereins"},"content":{"rendered":"\n<p>Am vergangenen Wochenende \u00f6ffnete der Heimat- und Kulturverein Plankstadt seine T\u00fcren zum traditionellen Tag der offenen T\u00fcr \u2013 und zahlreiche G\u00e4ste folgten der Einladung. Bei bestem Sommerwetter f\u00fcllte sich der idyllische Museumshof rasch mit Besucherinnen und Besuchern, die sich bei Kaffee und Kuchen an einem bunten Rahmenprogramm erfreuten.<\/p>\n\n\n\n<p>Ein besonderes Highlight des Tages war der Auftritt unseres <strong>Orchesters23<\/strong>. Mit einem abwechslungsreichen Repertoire begleiteten wir das Geschehen zwei Stunden lang musikalisch und sorgten f\u00fcr eine stimmungsvolle Atmosph\u00e4re. Die G\u00e4ste lauschten aufmerksam, spendeten begeisterten Applaus \u2013 und bei dem einen oder anderen St\u00fcck wurde sogar das Tanzbein geschwungen.<\/p>\n\n\n\n<p>Die positive Resonanz und die ausgelassene Stimmung zeugen von einem rundum gelungenen Nachmittag, an den man sich gerne zur\u00fcckerinnert. Wir danken dem Heimat- und Kulturverein Plankstadt f\u00fcr die Einladung und freuen uns schon auf das n\u00e4chste gemeinsame Event!<\/p>\n\n\n\n<figure class=\"wp-block-gallery has-nested-images columns-default is-cropped wp-block-gallery-1 is-layout-flex wp-block-gallery-is-layout-flex\">\n<figure data-wp-context=\"{&quot;imageId&quot;:&quot;69f530024fba4&quot;}\" data-wp-interactive=\"core\/image\" data-wp-key=\"69f530024fba4\" class=\"wp-block-image size-large wp-lightbox-container\"><img loading=\"lazy\" decoding=\"async\" width=\"1024\" height=\"768\" data-wp-class--hide=\"state.isContentHidden\" data-wp-class--show=\"state.isContentVisible\" data-wp-init=\"callbacks.setButtonStyles\" data-wp-on--click=\"actions.showLightbox\" data-wp-on--load=\"callbacks.setButtonStyles\" data-wp-on-window--resize=\"callbacks.setButtonStyles\" data-id=\"29202\" src=\"https:\/\/www.musikverein-plankstadt.de\/wordpress\/wp-content\/uploads\/2025\/07\/IMG_6580-1024x768.jpg\" alt=\"\" class=\"wp-image-29202\" srcset=\"https:\/\/www.musikverein-plankstadt.de\/wordpress\/wp-content\/uploads\/2025\/07\/IMG_6580-1024x768.jpg 1024w, https:\/\/www.musikverein-plankstadt.de\/wordpress\/wp-content\/uploads\/2025\/07\/IMG_6580-300x225.jpg 300w, https:\/\/www.musikverein-plankstadt.de\/wordpress\/wp-content\/uploads\/2025\/07\/IMG_6580-768x576.jpg 768w, https:\/\/www.musikverein-plankstadt.de\/wordpress\/wp-content\/uploads\/2025\/07\/IMG_6580-1536x1152.jpg 1536w, https:\/\/www.musikverein-plankstadt.de\/wordpress\/wp-content\/uploads\/2025\/07\/IMG_6580.jpg 1920w\" sizes=\"auto, (max-width: 1024px) 100vw, 1024px\" \/><button\n\t\t\tclass=\"lightbox-trigger\"\n\t\t\ttype=\"button\"\n\t\t\taria-haspopup=\"dialog\"\n\t\t\taria-label=\"Vergr\u00f6\u00dfern\"\n\t\t\tdata-wp-init=\"callbacks.initTriggerButton\"\n\t\t\tdata-wp-on--click=\"actions.showLightbox\"\n\t\t\tdata-wp-style--right=\"state.imageButtonRight\"\n\t\t\tdata-wp-style--top=\"state.imageButtonTop\"\n\t\t>\n\t\t\t<svg xmlns=\"http:\/\/www.w3.org\/2000\/svg\" width=\"12\" height=\"12\" fill=\"none\" viewBox=\"0 0 12 12\">\n\t\t\t\t<path fill=\"#fff\" d=\"M2 0a2 2 0 0 0-2 2v2h1.5V2a.5.5 0 0 1 .5-.5h2V0H2Zm2 10.5H2a.5.5 0 0 1-.5-.5V8H0v2a2 2 0 0 0 2 2h2v-1.5ZM8 12v-1.5h2a.5.5 0 0 0 .5-.5V8H12v2a2 2 0 0 1-2 2H8Zm2-12a2 2 0 0 1 2 2v2h-1.5V2a.5.5 0 0 0-.5-.5H8V0h2Z\" \/>\n\t\t\t<\/svg>\n\t\t<\/button><\/figure>\n\n\n\n<figure data-wp-context=\"{&quot;imageId&quot;:&quot;69f5300250287&quot;}\" data-wp-interactive=\"core\/image\" data-wp-key=\"69f5300250287\" class=\"wp-block-image size-large is-style-default wp-lightbox-container\"><img loading=\"lazy\" decoding=\"async\" width=\"1024\" height=\"768\" data-wp-class--hide=\"state.isContentHidden\" data-wp-class--show=\"state.isContentVisible\" data-wp-init=\"callbacks.setButtonStyles\" data-wp-on--click=\"actions.showLightbox\" data-wp-on--load=\"callbacks.setButtonStyles\" data-wp-on-window--resize=\"callbacks.setButtonStyles\" data-id=\"29204\" src=\"https:\/\/www.musikverein-plankstadt.de\/wordpress\/wp-content\/uploads\/2025\/07\/IMG_6586-1024x768.jpg\" alt=\"\" class=\"wp-image-29204\" srcset=\"https:\/\/www.musikverein-plankstadt.de\/wordpress\/wp-content\/uploads\/2025\/07\/IMG_6586-1024x768.jpg 1024w, https:\/\/www.musikverein-plankstadt.de\/wordpress\/wp-content\/uploads\/2025\/07\/IMG_6586-300x225.jpg 300w, https:\/\/www.musikverein-plankstadt.de\/wordpress\/wp-content\/uploads\/2025\/07\/IMG_6586-768x576.jpg 768w, https:\/\/www.musikverein-plankstadt.de\/wordpress\/wp-content\/uploads\/2025\/07\/IMG_6586-1536x1152.jpg 1536w, https:\/\/www.musikverein-plankstadt.de\/wordpress\/wp-content\/uploads\/2025\/07\/IMG_6586.jpg 1920w\" sizes=\"auto, (max-width: 1024px) 100vw, 1024px\" \/><button\n\t\t\tclass=\"lightbox-trigger\"\n\t\t\ttype=\"button\"\n\t\t\taria-haspopup=\"dialog\"\n\t\t\taria-label=\"Vergr\u00f6\u00dfern\"\n\t\t\tdata-wp-init=\"callbacks.initTriggerButton\"\n\t\t\tdata-wp-on--click=\"actions.showLightbox\"\n\t\t\tdata-wp-style--right=\"state.imageButtonRight\"\n\t\t\tdata-wp-style--top=\"state.imageButtonTop\"\n\t\t>\n\t\t\t<svg xmlns=\"http:\/\/www.w3.org\/2000\/svg\" width=\"12\" height=\"12\" fill=\"none\" viewBox=\"0 0 12 12\">\n\t\t\t\t<path fill=\"#fff\" d=\"M2 0a2 2 0 0 0-2 2v2h1.5V2a.5.5 0 0 1 .5-.5h2V0H2Zm2 10.5H2a.5.5 0 0 1-.5-.5V8H0v2a2 2 0 0 0 2 2h2v-1.5ZM8 12v-1.5h2a.5.5 0 0 0 .5-.5V8H12v2a2 2 0 0 1-2 2H8Zm2-12a2 2 0 0 1 2 2v2h-1.5V2a.5.5 0 0 0-.5-.5H8V0h2Z\" \/>\n\t\t\t<\/svg>\n\t\t<\/button><\/figure>\n\n\n\n<figure data-wp-context=\"{&quot;imageId&quot;:&quot;69f5300250910&quot;}\" data-wp-interactive=\"core\/image\" data-wp-key=\"69f5300250910\" class=\"wp-block-image size-large wp-lightbox-container\"><img loading=\"lazy\" decoding=\"async\" width=\"1024\" height=\"768\" data-wp-class--hide=\"state.isContentHidden\" data-wp-class--show=\"state.isContentVisible\" data-wp-init=\"callbacks.setButtonStyles\" data-wp-on--click=\"actions.showLightbox\" data-wp-on--load=\"callbacks.setButtonStyles\" data-wp-on-window--resize=\"callbacks.setButtonStyles\" data-id=\"29205\" src=\"https:\/\/www.musikverein-plankstadt.de\/wordpress\/wp-content\/uploads\/2025\/07\/IMG_6587-1024x768.jpg\" alt=\"\" class=\"wp-image-29205\" srcset=\"https:\/\/www.musikverein-plankstadt.de\/wordpress\/wp-content\/uploads\/2025\/07\/IMG_6587-1024x768.jpg 1024w, https:\/\/www.musikverein-plankstadt.de\/wordpress\/wp-content\/uploads\/2025\/07\/IMG_6587-300x225.jpg 300w, https:\/\/www.musikverein-plankstadt.de\/wordpress\/wp-content\/uploads\/2025\/07\/IMG_6587-768x576.jpg 768w, https:\/\/www.musikverein-plankstadt.de\/wordpress\/wp-content\/uploads\/2025\/07\/IMG_6587-1536x1152.jpg 1536w, https:\/\/www.musikverein-plankstadt.de\/wordpress\/wp-content\/uploads\/2025\/07\/IMG_6587.jpg 1920w\" sizes=\"auto, (max-width: 1024px) 100vw, 1024px\" \/><button\n\t\t\tclass=\"lightbox-trigger\"\n\t\t\ttype=\"button\"\n\t\t\taria-haspopup=\"dialog\"\n\t\t\taria-label=\"Vergr\u00f6\u00dfern\"\n\t\t\tdata-wp-init=\"callbacks.initTriggerButton\"\n\t\t\tdata-wp-on--click=\"actions.showLightbox\"\n\t\t\tdata-wp-style--right=\"state.imageButtonRight\"\n\t\t\tdata-wp-style--top=\"state.imageButtonTop\"\n\t\t>\n\t\t\t<svg xmlns=\"http:\/\/www.w3.org\/2000\/svg\" width=\"12\" height=\"12\" fill=\"none\" viewBox=\"0 0 12 12\">\n\t\t\t\t<path fill=\"#fff\" d=\"M2 0a2 2 0 0 0-2 2v2h1.5V2a.5.5 0 0 1 .5-.5h2V0H2Zm2 10.5H2a.5.5 0 0 1-.5-.5V8H0v2a2 2 0 0 0 2 2h2v-1.5ZM8 12v-1.5h2a.5.5 0 0 0 .5-.5V8H12v2a2 2 0 0 1-2 2H8Zm2-12a2 2 0 0 1 2 2v2h-1.5V2a.5.5 0 0 0-.5-.5H8V0h2Z\" \/>\n\t\t\t<\/svg>\n\t\t<\/button><\/figure>\n\n\n\n<figure data-wp-context=\"{&quot;imageId&quot;:&quot;69f5300250f7b&quot;}\" data-wp-interactive=\"core\/image\" data-wp-key=\"69f5300250f7b\" class=\"wp-block-image size-large wp-lightbox-container\"><img loading=\"lazy\" decoding=\"async\" width=\"1024\" height=\"768\" data-wp-class--hide=\"state.isContentHidden\" data-wp-class--show=\"state.isContentVisible\" data-wp-init=\"callbacks.setButtonStyles\" data-wp-on--click=\"actions.showLightbox\" data-wp-on--load=\"callbacks.setButtonStyles\" data-wp-on-window--resize=\"callbacks.setButtonStyles\" data-id=\"29203\" src=\"https:\/\/www.musikverein-plankstadt.de\/wordpress\/wp-content\/uploads\/2025\/07\/IMG_6595-1024x768.jpg\" alt=\"\" class=\"wp-image-29203\" srcset=\"https:\/\/www.musikverein-plankstadt.de\/wordpress\/wp-content\/uploads\/2025\/07\/IMG_6595-1024x768.jpg 1024w, https:\/\/www.musikverein-plankstadt.de\/wordpress\/wp-content\/uploads\/2025\/07\/IMG_6595-300x225.jpg 300w, https:\/\/www.musikverein-plankstadt.de\/wordpress\/wp-content\/uploads\/2025\/07\/IMG_6595-768x576.jpg 768w, https:\/\/www.musikverein-plankstadt.de\/wordpress\/wp-content\/uploads\/2025\/07\/IMG_6595-1536x1152.jpg 1536w, https:\/\/www.musikverein-plankstadt.de\/wordpress\/wp-content\/uploads\/2025\/07\/IMG_6595.jpg 1920w\" sizes=\"auto, (max-width: 1024px) 100vw, 1024px\" \/><button\n\t\t\tclass=\"lightbox-trigger\"\n\t\t\ttype=\"button\"\n\t\t\taria-haspopup=\"dialog\"\n\t\t\taria-label=\"Vergr\u00f6\u00dfern\"\n\t\t\tdata-wp-init=\"callbacks.initTriggerButton\"\n\t\t\tdata-wp-on--click=\"actions.showLightbox\"\n\t\t\tdata-wp-style--right=\"state.imageButtonRight\"\n\t\t\tdata-wp-style--top=\"state.imageButtonTop\"\n\t\t>\n\t\t\t<svg xmlns=\"http:\/\/www.w3.org\/2000\/svg\" width=\"12\" height=\"12\" fill=\"none\" viewBox=\"0 0 12 12\">\n\t\t\t\t<path fill=\"#fff\" d=\"M2 0a2 2 0 0 0-2 2v2h1.5V2a.5.5 0 0 1 .5-.5h2V0H2Zm2 10.5H2a.5.5 0 0 1-.5-.5V8H0v2a2 2 0 0 0 2 2h2v-1.5ZM8 12v-1.5h2a.5.5 0 0 0 .5-.5V8H12v2a2 2 0 0 1-2 2H8Zm2-12a2 2 0 0 1 2 2v2h-1.5V2a.5.5 0 0 0-.5-.5H8V0h2Z\" \/>\n\t\t\t<\/svg>\n\t\t<\/button><\/figure>\n\n\n\n<figure data-wp-context=\"{&quot;imageId&quot;:&quot;69f5300251662&quot;}\" data-wp-interactive=\"core\/image\" data-wp-key=\"69f5300251662\" class=\"wp-block-image size-large wp-lightbox-container\"><img loading=\"lazy\" decoding=\"async\" width=\"1024\" height=\"768\" data-wp-class--hide=\"state.isContentHidden\" data-wp-class--show=\"state.isContentVisible\" data-wp-init=\"callbacks.setButtonStyles\" data-wp-on--click=\"actions.showLightbox\" data-wp-on--load=\"callbacks.setButtonStyles\" data-wp-on-window--resize=\"callbacks.setButtonStyles\" data-id=\"29201\" src=\"https:\/\/www.musikverein-plankstadt.de\/wordpress\/wp-content\/uploads\/2025\/07\/IMG_6598-1024x768.jpg\" alt=\"\" class=\"wp-image-29201\" srcset=\"https:\/\/www.musikverein-plankstadt.de\/wordpress\/wp-content\/uploads\/2025\/07\/IMG_6598-1024x768.jpg 1024w, https:\/\/www.musikverein-plankstadt.de\/wordpress\/wp-content\/uploads\/2025\/07\/IMG_6598-300x225.jpg 300w, https:\/\/www.musikverein-plankstadt.de\/wordpress\/wp-content\/uploads\/2025\/07\/IMG_6598-768x576.jpg 768w, https:\/\/www.musikverein-plankstadt.de\/wordpress\/wp-content\/uploads\/2025\/07\/IMG_6598-1536x1152.jpg 1536w, https:\/\/www.musikverein-plankstadt.de\/wordpress\/wp-content\/uploads\/2025\/07\/IMG_6598.jpg 1920w\" sizes=\"auto, (max-width: 1024px) 100vw, 1024px\" \/><button\n\t\t\tclass=\"lightbox-trigger\"\n\t\t\ttype=\"button\"\n\t\t\taria-haspopup=\"dialog\"\n\t\t\taria-label=\"Vergr\u00f6\u00dfern\"\n\t\t\tdata-wp-init=\"callbacks.initTriggerButton\"\n\t\t\tdata-wp-on--click=\"actions.showLightbox\"\n\t\t\tdata-wp-style--right=\"state.imageButtonRight\"\n\t\t\tdata-wp-style--top=\"state.imageButtonTop\"\n\t\t>\n\t\t\t<svg xmlns=\"http:\/\/www.w3.org\/2000\/svg\" width=\"12\" height=\"12\" fill=\"none\" viewBox=\"0 0 12 12\">\n\t\t\t\t<path fill=\"#fff\" d=\"M2 0a2 2 0 0 0-2 2v2h1.5V2a.5.5 0 0 1 .5-.5h2V0H2Zm2 10.5H2a.5.5 0 0 1-.5-.5V8H0v2a2 2 0 0 0 2 2h2v-1.5ZM8 12v-1.5h2a.5.5 0 0 0 .5-.5V8H12v2a2 2 0 0 1-2 2H8Zm2-12a2 2 0 0 1 2 2v2h-1.5V2a.5.5 0 0 0-.5-.5H8V0h2Z\" \/>\n\t\t\t<\/svg>\n\t\t<\/button><\/figure>\n<\/figure>\n\n\n\n<p><\/p>\n","protected":false},"excerpt":{"rendered":"<p>Am vergangenen Wochenende \u00f6ffnete der Heimat- und Kulturverein Plankstadt seine T\u00fcren zum traditionellen Tag der offenen T\u00fcr \u2013 und zahlreiche G\u00e4ste folgten der Einladung. Bei bestem Sommerwetter f\u00fcllte sich der idyllische Museumshof rasch mit Besucherinnen und Besuchern, die sich bei Kaffee und Kuchen an einem bunten Rahmenprogramm erfreuten. Ein besonderes Highlight des Tages war der [&hellip;]<\/p>\n","protected":false},"author":9,"featured_media":0,"comment_status":"closed","ping_status":"closed","sticky":false,"template":"","format":"standard","meta":{"footnotes":""},"categories":[1,66],"tags":[],"class_list":["post-29200","post","type-post","status-publish","format-standard","hentry","category-allgemein","category-orchester23"],"blocksy_meta":[],"_links":{"self":[{"href":"https:\/\/www.musikverein-plankstadt.de\/wordpress\/wp-json\/wp\/v2\/posts\/29200","targetHints":{"allow":["GET"]}}],"collection":[{"href":"https:\/\/www.musikverein-plankstadt.de\/wordpress\/wp-json\/wp\/v2\/posts"}],"about":[{"href":"https:\/\/www.musikverein-plankstadt.de\/wordpress\/wp-json\/wp\/v2\/types\/post"}],"author":[{"embeddable":true,"href":"https:\/\/www.musikverein-plankstadt.de\/wordpress\/wp-json\/wp\/v2\/users\/9"}],"replies":[{"embeddable":true,"href":"https:\/\/www.musikverein-plankstadt.de\/wordpress\/wp-json\/wp\/v2\/comments?post=29200"}],"version-history":[{"count":2,"href":"https:\/\/www.musikverein-plankstadt.de\/wordpress\/wp-json\/wp\/v2\/posts\/29200\/revisions"}],"predecessor-version":[{"id":29208,"href":"https:\/\/www.musikverein-plankstadt.de\/wordpress\/wp-json\/wp\/v2\/posts\/29200\/revisions\/29208"}],"wp:attachment":[{"href":"https:\/\/www.musikverein-plankstadt.de\/wordpress\/wp-json\/wp\/v2\/media?parent=29200"}],"wp:term":[{"taxonomy":"category","embeddable":true,"href":"https:\/\/www.musikverein-plankstadt.de\/wordpress\/wp-json\/wp\/v2\/categories?post=29200"},{"taxonomy":"post_tag","embeddable":true,"href":"https:\/\/www.musikverein-plankstadt.de\/wordpress\/wp-json\/wp\/v2\/tags?post=29200"}],"curies":[{"name":"wp","href":"https:\/\/api.w.org\/{rel}","templated":true}]}}