{"id":29212,"date":"2025-08-10T00:09:43","date_gmt":"2025-08-09T22:09:43","guid":{"rendered":"https:\/\/www.musikverein-plankstadt.de\/wordpress\/?p=29212"},"modified":"2025-08-10T00:10:49","modified_gmt":"2025-08-09T22:10:49","slug":"ab-in-den-sueden","status":"publish","type":"post","link":"https:\/\/www.musikverein-plankstadt.de\/wordpress\/ab-in-den-sueden\/","title":{"rendered":"\u201eAB IN DEN S\u00dcDEN\u201c &#8211; Der Bandworkshop des MVP f\u00fcr Ferienkinder"},"content":{"rendered":"\n<p>MUSIKVEREIN PLANKSTADT BIETET BANDWORKSHOP F\u00dcR FERIENKINDER AN.<\/p>\n\n\n\n<p>Im Proberaum des Musikvereins Plankstadt fand am 5. August 2025 ein Bandworkshop unter der Leitung von Petra Schostak, Pianistin der Bigband des MVP, mit Unterst\u00fctzung der beiden Vorstandmitglieder und Musikerinnen des Orchester 23 Andrea Hansen (Sax) und Lotta Derbinski (Querfl\u00f6te), statt.<\/p>\n\n\n\n<p>Im Rahmen des Ferienangebots der Gemeinde kamen 6 junge Musikerinnen und Musiker im Alter von 8 \u2013 12 Jahren zusammen. Und innerhalb von nur 2 Stunden war eine Band entstanden! Ein kleines Wunder. Die jungen Leute rockten die Humboldt-Schule mit dem Sommerhit \u201eAb in den S\u00fcden\u201c und hatten einen Riesenspa\u00df &#8211; auch wenn das ziemlich anstrengende 2 Stunden waren.<\/p>\n\n\n\n<p>Alle Kinder hatten bereits musikalische Vorerfahrungen, das machte das \u201eWunder\u201c zum Teil erkl\u00e4rbar. Sie durften bei dem Workshop Instrumente ausprobieren, die allerdings sie noch nie in der Hand hatten. Sie gingen alle mit gro\u00dfem Interesse und fr\u00f6hlicher Neugier ans Werk und spielten tats\u00e4chlich \u201ezusammen\u201c. Das ist ganz sch\u00f6n schwierig, wenn man sich noch gar nicht richtig kennt. Und dann soll jede\/r m\u00f6glichst seinen\/ihren Part spielen und gleichzeitig zuh\u00f6ren, was die anderen machen. Nicht umsonst proben Bigband und Orchester23 des MVP \u2013 und alle Musiker*innen dieser Welt &#8211; geduldig und regelm\u00e4\u00dfig Woche f\u00fcr Woche an ihrem Programm.<\/p>\n\n\n\n<p>Das Konzept \u201eBand Ohne Noten\u201c machte den anderen Aspekt des \u201eWunders\u201c m\u00f6glich. Die Teilnehmenden bekamen Spielanleitungen in Form einer \u201eTabulatur\u201c \u2013 also eine Griffschrift, die zeigt, wo die T\u00f6ne auf dem Instrument zu finden sind. Und dazu braucht man erst einmal keine Noten. Aber gute Ohren. Und die hatten die Ferienkinder tats\u00e4chlich mitgebracht.<\/p>\n\n\n\n<p>Da drei Musikerinnen des \u201eOrchester23\u201c mit Saxophon, Trompete und Querfl\u00f6te dabei waren, konnten die jungen Leute gleich einmal einen Eindruck bekommen, wie sich eine Combo mit Blasinstrumenten anf\u00fchlt, und wie man diese Instrumente spielt.<\/p>\n\n\n\n<p>So hatten alle einen fr\u00f6hlichen und sehr erfolgreichen Vormittag.<\/p>\n\n\n\n<p>Der n\u00e4chste Bandworkshop im Rahmen des Ferienangebots der Gemeinde findet am Dienstag, den 9. September, von 10-12h, wieder im Proberaum des Musikvereins in der Humboldtschule statt.<\/p>\n\n\n\n<p class=\"has-text-align-right\">Bericht: Petra Schostak<\/p>\n\n\n\n<figure class=\"wp-block-gallery has-nested-images columns-default is-cropped wp-block-gallery-1 is-layout-flex wp-block-gallery-is-layout-flex\">\n<figure data-wp-context=\"{&quot;imageId&quot;:&quot;69f530bd4dff6&quot;}\" data-wp-interactive=\"core\/image\" data-wp-key=\"69f530bd4dff6\" class=\"wp-block-image size-large wp-lightbox-container\"><img loading=\"lazy\" decoding=\"async\" width=\"1024\" height=\"768\" data-wp-class--hide=\"state.isContentHidden\" data-wp-class--show=\"state.isContentVisible\" data-wp-init=\"callbacks.setButtonStyles\" data-wp-on--click=\"actions.showLightbox\" data-wp-on--load=\"callbacks.setButtonStyles\" data-wp-on-window--resize=\"callbacks.setButtonStyles\" data-id=\"29213\" src=\"https:\/\/www.musikverein-plankstadt.de\/wordpress\/wp-content\/uploads\/2025\/08\/Ferienworkshop-Band-alle--1024x768.jpg\" alt=\"\" class=\"wp-image-29213\" srcset=\"https:\/\/www.musikverein-plankstadt.de\/wordpress\/wp-content\/uploads\/2025\/08\/Ferienworkshop-Band-alle--1024x768.jpg 1024w, https:\/\/www.musikverein-plankstadt.de\/wordpress\/wp-content\/uploads\/2025\/08\/Ferienworkshop-Band-alle--300x225.jpg 300w, https:\/\/www.musikverein-plankstadt.de\/wordpress\/wp-content\/uploads\/2025\/08\/Ferienworkshop-Band-alle--768x576.jpg 768w, https:\/\/www.musikverein-plankstadt.de\/wordpress\/wp-content\/uploads\/2025\/08\/Ferienworkshop-Band-alle--1536x1152.jpg 1536w, https:\/\/www.musikverein-plankstadt.de\/wordpress\/wp-content\/uploads\/2025\/08\/Ferienworkshop-Band-alle-.jpg 1600w\" sizes=\"auto, (max-width: 1024px) 100vw, 1024px\" \/><button\n\t\t\tclass=\"lightbox-trigger\"\n\t\t\ttype=\"button\"\n\t\t\taria-haspopup=\"dialog\"\n\t\t\taria-label=\"Vergr\u00f6\u00dfern\"\n\t\t\tdata-wp-init=\"callbacks.initTriggerButton\"\n\t\t\tdata-wp-on--click=\"actions.showLightbox\"\n\t\t\tdata-wp-style--right=\"state.imageButtonRight\"\n\t\t\tdata-wp-style--top=\"state.imageButtonTop\"\n\t\t>\n\t\t\t<svg xmlns=\"http:\/\/www.w3.org\/2000\/svg\" width=\"12\" height=\"12\" fill=\"none\" viewBox=\"0 0 12 12\">\n\t\t\t\t<path fill=\"#fff\" d=\"M2 0a2 2 0 0 0-2 2v2h1.5V2a.5.5 0 0 1 .5-.5h2V0H2Zm2 10.5H2a.5.5 0 0 1-.5-.5V8H0v2a2 2 0 0 0 2 2h2v-1.5ZM8 12v-1.5h2a.5.5 0 0 0 .5-.5V8H12v2a2 2 0 0 1-2 2H8Zm2-12a2 2 0 0 1 2 2v2h-1.5V2a.5.5 0 0 0-.5-.5H8V0h2Z\" \/>\n\t\t\t<\/svg>\n\t\t<\/button><\/figure>\n\n\n\n<figure data-wp-context=\"{&quot;imageId&quot;:&quot;69f530bd4e637&quot;}\" data-wp-interactive=\"core\/image\" data-wp-key=\"69f530bd4e637\" class=\"wp-block-image size-large wp-lightbox-container\"><img loading=\"lazy\" decoding=\"async\" width=\"1024\" height=\"768\" data-wp-class--hide=\"state.isContentHidden\" data-wp-class--show=\"state.isContentVisible\" data-wp-init=\"callbacks.setButtonStyles\" data-wp-on--click=\"actions.showLightbox\" data-wp-on--load=\"callbacks.setButtonStyles\" data-wp-on-window--resize=\"callbacks.setButtonStyles\" data-id=\"29215\" src=\"https:\/\/www.musikverein-plankstadt.de\/wordpress\/wp-content\/uploads\/2025\/08\/Ferienworkshop-Band-Teiln-1024x768.jpg\" alt=\"\" class=\"wp-image-29215\" srcset=\"https:\/\/www.musikverein-plankstadt.de\/wordpress\/wp-content\/uploads\/2025\/08\/Ferienworkshop-Band-Teiln-1024x768.jpg 1024w, https:\/\/www.musikverein-plankstadt.de\/wordpress\/wp-content\/uploads\/2025\/08\/Ferienworkshop-Band-Teiln-300x225.jpg 300w, https:\/\/www.musikverein-plankstadt.de\/wordpress\/wp-content\/uploads\/2025\/08\/Ferienworkshop-Band-Teiln-768x576.jpg 768w, https:\/\/www.musikverein-plankstadt.de\/wordpress\/wp-content\/uploads\/2025\/08\/Ferienworkshop-Band-Teiln-1536x1152.jpg 1536w, https:\/\/www.musikverein-plankstadt.de\/wordpress\/wp-content\/uploads\/2025\/08\/Ferienworkshop-Band-Teiln.jpg 1600w\" sizes=\"auto, (max-width: 1024px) 100vw, 1024px\" \/><button\n\t\t\tclass=\"lightbox-trigger\"\n\t\t\ttype=\"button\"\n\t\t\taria-haspopup=\"dialog\"\n\t\t\taria-label=\"Vergr\u00f6\u00dfern\"\n\t\t\tdata-wp-init=\"callbacks.initTriggerButton\"\n\t\t\tdata-wp-on--click=\"actions.showLightbox\"\n\t\t\tdata-wp-style--right=\"state.imageButtonRight\"\n\t\t\tdata-wp-style--top=\"state.imageButtonTop\"\n\t\t>\n\t\t\t<svg xmlns=\"http:\/\/www.w3.org\/2000\/svg\" width=\"12\" height=\"12\" fill=\"none\" viewBox=\"0 0 12 12\">\n\t\t\t\t<path fill=\"#fff\" d=\"M2 0a2 2 0 0 0-2 2v2h1.5V2a.5.5 0 0 1 .5-.5h2V0H2Zm2 10.5H2a.5.5 0 0 1-.5-.5V8H0v2a2 2 0 0 0 2 2h2v-1.5ZM8 12v-1.5h2a.5.5 0 0 0 .5-.5V8H12v2a2 2 0 0 1-2 2H8Zm2-12a2 2 0 0 1 2 2v2h-1.5V2a.5.5 0 0 0-.5-.5H8V0h2Z\" \/>\n\t\t\t<\/svg>\n\t\t<\/button><\/figure>\n\n\n\n<figure data-wp-context=\"{&quot;imageId&quot;:&quot;69f530bd4ec08&quot;}\" data-wp-interactive=\"core\/image\" data-wp-key=\"69f530bd4ec08\" class=\"wp-block-image size-large wp-lightbox-container\"><img loading=\"lazy\" decoding=\"async\" width=\"1024\" height=\"768\" data-wp-class--hide=\"state.isContentHidden\" data-wp-class--show=\"state.isContentVisible\" data-wp-init=\"callbacks.setButtonStyles\" data-wp-on--click=\"actions.showLightbox\" data-wp-on--load=\"callbacks.setButtonStyles\" data-wp-on-window--resize=\"callbacks.setButtonStyles\" data-id=\"29214\" src=\"https:\/\/www.musikverein-plankstadt.de\/wordpress\/wp-content\/uploads\/2025\/08\/Ferienworkshop-Band-Ltg.-Betreuer-1024x768.jpg\" alt=\"\" class=\"wp-image-29214\" srcset=\"https:\/\/www.musikverein-plankstadt.de\/wordpress\/wp-content\/uploads\/2025\/08\/Ferienworkshop-Band-Ltg.-Betreuer-1024x768.jpg 1024w, https:\/\/www.musikverein-plankstadt.de\/wordpress\/wp-content\/uploads\/2025\/08\/Ferienworkshop-Band-Ltg.-Betreuer-300x225.jpg 300w, https:\/\/www.musikverein-plankstadt.de\/wordpress\/wp-content\/uploads\/2025\/08\/Ferienworkshop-Band-Ltg.-Betreuer-768x576.jpg 768w, https:\/\/www.musikverein-plankstadt.de\/wordpress\/wp-content\/uploads\/2025\/08\/Ferienworkshop-Band-Ltg.-Betreuer-1536x1152.jpg 1536w, https:\/\/www.musikverein-plankstadt.de\/wordpress\/wp-content\/uploads\/2025\/08\/Ferienworkshop-Band-Ltg.-Betreuer.jpg 1600w\" sizes=\"auto, (max-width: 1024px) 100vw, 1024px\" \/><button\n\t\t\tclass=\"lightbox-trigger\"\n\t\t\ttype=\"button\"\n\t\t\taria-haspopup=\"dialog\"\n\t\t\taria-label=\"Vergr\u00f6\u00dfern\"\n\t\t\tdata-wp-init=\"callbacks.initTriggerButton\"\n\t\t\tdata-wp-on--click=\"actions.showLightbox\"\n\t\t\tdata-wp-style--right=\"state.imageButtonRight\"\n\t\t\tdata-wp-style--top=\"state.imageButtonTop\"\n\t\t>\n\t\t\t<svg xmlns=\"http:\/\/www.w3.org\/2000\/svg\" width=\"12\" height=\"12\" fill=\"none\" viewBox=\"0 0 12 12\">\n\t\t\t\t<path fill=\"#fff\" d=\"M2 0a2 2 0 0 0-2 2v2h1.5V2a.5.5 0 0 1 .5-.5h2V0H2Zm2 10.5H2a.5.5 0 0 1-.5-.5V8H0v2a2 2 0 0 0 2 2h2v-1.5ZM8 12v-1.5h2a.5.5 0 0 0 .5-.5V8H12v2a2 2 0 0 1-2 2H8Zm2-12a2 2 0 0 1 2 2v2h-1.5V2a.5.5 0 0 0-.5-.5H8V0h2Z\" \/>\n\t\t\t<\/svg>\n\t\t<\/button><\/figure>\n<\/figure>\n","protected":false},"excerpt":{"rendered":"<p>MUSIKVEREIN PLANKSTADT BIETET BANDWORKSHOP F\u00dcR FERIENKINDER AN. Im Proberaum des Musikvereins Plankstadt fand am 5. August 2025 ein Bandworkshop unter der Leitung von Petra Schostak, Pianistin der Bigband des MVP, mit Unterst\u00fctzung der beiden Vorstandmitglieder und Musikerinnen des Orchester 23 Andrea Hansen (Sax) und Lotta Derbinski (Querfl\u00f6te), statt. Im Rahmen des Ferienangebots der Gemeinde kamen [&hellip;]<\/p>\n","protected":false},"author":9,"featured_media":29213,"comment_status":"closed","ping_status":"closed","sticky":false,"template":"","format":"standard","meta":{"footnotes":""},"categories":[13,1],"tags":[],"class_list":["post-29212","post","type-post","status-publish","format-standard","has-post-thumbnail","hentry","category-aktuelles","category-allgemein"],"blocksy_meta":[],"_links":{"self":[{"href":"https:\/\/www.musikverein-plankstadt.de\/wordpress\/wp-json\/wp\/v2\/posts\/29212","targetHints":{"allow":["GET"]}}],"collection":[{"href":"https:\/\/www.musikverein-plankstadt.de\/wordpress\/wp-json\/wp\/v2\/posts"}],"about":[{"href":"https:\/\/www.musikverein-plankstadt.de\/wordpress\/wp-json\/wp\/v2\/types\/post"}],"author":[{"embeddable":true,"href":"https:\/\/www.musikverein-plankstadt.de\/wordpress\/wp-json\/wp\/v2\/users\/9"}],"replies":[{"embeddable":true,"href":"https:\/\/www.musikverein-plankstadt.de\/wordpress\/wp-json\/wp\/v2\/comments?post=29212"}],"version-history":[{"count":2,"href":"https:\/\/www.musikverein-plankstadt.de\/wordpress\/wp-json\/wp\/v2\/posts\/29212\/revisions"}],"predecessor-version":[{"id":29217,"href":"https:\/\/www.musikverein-plankstadt.de\/wordpress\/wp-json\/wp\/v2\/posts\/29212\/revisions\/29217"}],"wp:featuredmedia":[{"embeddable":true,"href":"https:\/\/www.musikverein-plankstadt.de\/wordpress\/wp-json\/wp\/v2\/media\/29213"}],"wp:attachment":[{"href":"https:\/\/www.musikverein-plankstadt.de\/wordpress\/wp-json\/wp\/v2\/media?parent=29212"}],"wp:term":[{"taxonomy":"category","embeddable":true,"href":"https:\/\/www.musikverein-plankstadt.de\/wordpress\/wp-json\/wp\/v2\/categories?post=29212"},{"taxonomy":"post_tag","embeddable":true,"href":"https:\/\/www.musikverein-plankstadt.de\/wordpress\/wp-json\/wp\/v2\/tags?post=29212"}],"curies":[{"name":"wp","href":"https:\/\/api.w.org\/{rel}","templated":true}]}}