{"id":29440,"date":"2026-09-04T00:36:16","date_gmt":"2026-09-03T22:36:16","guid":{"rendered":"https:\/\/www.musikverein-plankstadt.de\/wordpress\/?p=29440"},"modified":"2026-09-04T00:36:16","modified_gmt":"2026-09-03T22:36:16","slug":"abwechslungsreiche-ferienprogramme-beim-musikverein-plankstadt","status":"publish","type":"post","link":"https:\/\/www.musikverein-plankstadt.de\/wordpress\/abwechslungsreiche-ferienprogramme-beim-musikverein-plankstadt\/","title":{"rendered":"Abwechslungsreiche Ferienprogramme beim Musikverein Plankstadt"},"content":{"rendered":"\n<p class=\"wp-block-paragraph\">Der Musikverein Plankstadt beteiligte sich auch in diesem Jahr mit zwei abwechslungsreichen Angeboten am Ferienprogramm. Dabei standen Kreativit\u00e4t und Musik gleicherma\u00dfen im Mittelpunkt.<\/p>\n\n\n\n<p class=\"wp-block-paragraph\">Beim ersten Termin konnten die Kinder <strong>Perlenarmb\u00e4nder gestalten<\/strong>. Nach der Auswahl eigener Muster und Farbkombinationen stellten sie selbstst\u00e4ndig ihre individuellen Armb\u00e4nder her. Musikalische Begleitung sorgte dabei f\u00fcr eine angenehme und fr\u00f6hliche Atmosph\u00e4re.<\/p>\n\n\n\n<p class=\"wp-block-paragraph\">Beim zweiten Ferienprogramm drehte sich alles um die <strong>Ukulele<\/strong>. Die Kinder lernten zun\u00e4chst das Instrument kennen und konnten anschlie\u00dfend erste eigene Spielversuche machen. Schritt f\u00fcr Schritt wurden au\u00dferdem die ersten Akkorde vorgestellt und ausprobiert. Zum Abschluss spielten alle gemeinsam ein Lied auf der Ukulele.<\/p>\n\n\n\n<p class=\"wp-block-paragraph\">Beide Angebote boten den Kindern die M\u00f6glichkeit, Neues auszuprobieren, kreativ zu werden und gemeinsam Musik zu erleben. Der Musikverein Plankstadt freute sich \u00fcber die interessierte Teilnahme und die sichtbare Begeisterung der Kinder.<\/p>\n\n\n\n<figure data-wp-context=\"{&quot;imageId&quot;:&quot;6a9a6f676b7e8&quot;}\" data-wp-interactive=\"core\/image\" data-wp-key=\"6a9a6f676b7e8\" class=\"wp-block-image size-large wp-lightbox-container\"><img loading=\"lazy\" decoding=\"async\" width=\"630\" height=\"1024\" data-wp-class--hide=\"state.isContentHidden\" data-wp-class--show=\"state.isContentVisible\" data-wp-init=\"callbacks.setButtonStyles\" data-wp-on--click=\"actions.showLightbox\" data-wp-on--load=\"callbacks.setButtonStyles\" data-wp-on--pointerdown=\"actions.preloadImage\" data-wp-on--pointerenter=\"actions.preloadImageWithDelay\" data-wp-on--pointerleave=\"actions.cancelPreload\" data-wp-on-window--resize=\"callbacks.setButtonStyles\" src=\"https:\/\/www.musikverein-plankstadt.de\/wordpress\/wp-content\/uploads\/2026\/09\/ferienprogrammukulelearmbaender-630x1024.jpg\" alt=\"\" class=\"wp-image-29441\" srcset=\"https:\/\/www.musikverein-plankstadt.de\/wordpress\/wp-content\/uploads\/2026\/09\/ferienprogrammukulelearmbaender-630x1024.jpg 630w, https:\/\/www.musikverein-plankstadt.de\/wordpress\/wp-content\/uploads\/2026\/09\/ferienprogrammukulelearmbaender-184x300.jpg 184w, https:\/\/www.musikverein-plankstadt.de\/wordpress\/wp-content\/uploads\/2026\/09\/ferienprogrammukulelearmbaender-768x1249.jpg 768w, https:\/\/www.musikverein-plankstadt.de\/wordpress\/wp-content\/uploads\/2026\/09\/ferienprogrammukulelearmbaender-944x1536.jpg 944w, https:\/\/www.musikverein-plankstadt.de\/wordpress\/wp-content\/uploads\/2026\/09\/ferienprogrammukulelearmbaender-1259x2048.jpg 1259w, https:\/\/www.musikverein-plankstadt.de\/wordpress\/wp-content\/uploads\/2026\/09\/ferienprogrammukulelearmbaender.jpg 1283w\" sizes=\"auto, (max-width: 630px) 100vw, 630px\" \/><button\n\t\t\tclass=\"lightbox-trigger\"\n\t\t\ttype=\"button\"\n\t\t\taria-haspopup=\"dialog\"\n\t\t\tdata-wp-bind--aria-label=\"state.thisImage.triggerButtonAriaLabel\"\n\t\t\tdata-wp-init=\"callbacks.initTriggerButton\"\n\t\t\tdata-wp-on--click=\"actions.showLightbox\"\n\t\t\tdata-wp-style--right=\"state.thisImage.buttonRight\"\n\t\t\tdata-wp-style--top=\"state.thisImage.buttonTop\"\n\t\t>\n\t\t\t<svg xmlns=\"http:\/\/www.w3.org\/2000\/svg\" width=\"12\" height=\"12\" fill=\"none\" viewBox=\"0 0 12 12\">\n\t\t\t\t<path fill=\"#fff\" d=\"M2 0a2 2 0 0 0-2 2v2h1.5V2a.5.5 0 0 1 .5-.5h2V0H2Zm2 10.5H2a.5.5 0 0 1-.5-.5V8H0v2a2 2 0 0 0 2 2h2v-1.5ZM8 12v-1.5h2a.5.5 0 0 0 .5-.5V8H12v2a2 2 0 0 1-2 2H8Zm2-12a2 2 0 0 1 2 2v2h-1.5V2a.5.5 0 0 0-.5-.5H8V0h2Z\" \/>\n\t\t\t<\/svg>\n\t\t<\/button><\/figure>\n","protected":false},"excerpt":{"rendered":"<p>Der Musikverein Plankstadt beteiligte sich auch in diesem Jahr mit zwei abwechslungsreichen Angeboten am Ferienprogramm. Dabei standen Kreativit\u00e4t und Musik gleicherma\u00dfen im Mittelpunkt. Beim ersten Termin konnten die Kinder Perlenarmb\u00e4nder gestalten. Nach der Auswahl eigener Muster und Farbkombinationen stellten sie selbstst\u00e4ndig ihre individuellen Armb\u00e4nder her. Musikalische Begleitung sorgte dabei f\u00fcr eine angenehme und fr\u00f6hliche Atmosph\u00e4re. [&hellip;]<\/p>\n","protected":false},"author":9,"featured_media":0,"comment_status":"closed","ping_status":"","sticky":false,"template":"","format":"standard","meta":{"footnotes":""},"categories":[13,1,68],"tags":[],"class_list":["post-29440","post","type-post","status-publish","format-standard","hentry","category-aktuelles","category-allgemein","category-ferienprogramm"],"blocksy_meta":{"styles_descriptor":{"styles":{"desktop":"","tablet":"","mobile":""},"google_fonts":[],"version":7}},"_links":{"self":[{"href":"https:\/\/www.musikverein-plankstadt.de\/wordpress\/wp-json\/wp\/v2\/posts\/29440","targetHints":{"allow":["GET"]}}],"collection":[{"href":"https:\/\/www.musikverein-plankstadt.de\/wordpress\/wp-json\/wp\/v2\/posts"}],"about":[{"href":"https:\/\/www.musikverein-plankstadt.de\/wordpress\/wp-json\/wp\/v2\/types\/post"}],"author":[{"embeddable":true,"href":"https:\/\/www.musikverein-plankstadt.de\/wordpress\/wp-json\/wp\/v2\/users\/9"}],"replies":[{"embeddable":true,"href":"https:\/\/www.musikverein-plankstadt.de\/wordpress\/wp-json\/wp\/v2\/comments?post=29440"}],"version-history":[{"count":1,"href":"https:\/\/www.musikverein-plankstadt.de\/wordpress\/wp-json\/wp\/v2\/posts\/29440\/revisions"}],"predecessor-version":[{"id":29442,"href":"https:\/\/www.musikverein-plankstadt.de\/wordpress\/wp-json\/wp\/v2\/posts\/29440\/revisions\/29442"}],"wp:attachment":[{"href":"https:\/\/www.musikverein-plankstadt.de\/wordpress\/wp-json\/wp\/v2\/media?parent=29440"}],"wp:term":[{"taxonomy":"category","embeddable":true,"href":"https:\/\/www.musikverein-plankstadt.de\/wordpress\/wp-json\/wp\/v2\/categories?post=29440"},{"taxonomy":"post_tag","embeddable":true,"href":"https:\/\/www.musikverein-plankstadt.de\/wordpress\/wp-json\/wp\/v2\/tags?post=29440"}],"curies":[{"name":"wp","href":"https:\/\/api.w.org\/{rel}","templated":true}]}}